{"id":1695,"date":"2025-10-15T18:00:52","date_gmt":"2025-10-15T18:00:52","guid":{"rendered":"https:\/\/www.droneview.be\/?p=1695"},"modified":"2025-10-13T12:54:39","modified_gmt":"2025-10-13T12:54:39","slug":"quand-une-federation-se-tait-notre-experience-avec-la-belgian-drone-federation","status":"publish","type":"post","link":"https:\/\/www.droneview.be\/fr\/quand-une-federation-se-tait-notre-experience-avec-la-belgian-drone-federation\/","title":{"rendered":"Quand une f\u00e9d\u00e9ration se tait \u2013 notre exp\u00e9rience avec la Belgian Drone Federation"},"content":{"rendered":"<blockquote><p>Chez <a href=\"http:\/\/www.droneview.be\">DroneView.be<\/a>, nous croyons fermement \u00e0 la collaboration au sein du secteur des drones en Belgique. Les pilotes professionnels, centres de formation, assureurs et autorit\u00e9s ont tous int\u00e9r\u00eat \u00e0 une communication claire et \u00e0 une repr\u00e9sentation commune.<br \/>\nD\u00e9but 2025, nous avons donc d\u00e9cid\u00e9 d\u2019adh\u00e9rer \u00e0 la <a href=\"http:\/\/www.belgiandronefederation.be\/\"><strong>Belgian Drone Federation (BDF)<\/strong><\/a>, convaincus qu\u2019une f\u00e9d\u00e9ration active pourrait faire progresser le secteur.<\/p>\n<p>Six mois plus tard, nous devons malheureusement constater que la f\u00e9d\u00e9ration semble compl\u00e8tement \u00e0 l\u2019arr\u00eat.<\/p>\n<p><a href=\"http:\/\/www.belgiandronefederation.be\/\" target=\"_blank\" rel=\"noopener\"><img loading=\"lazy\" decoding=\"async\" class=\"aligncenter wp-image-1685 size-full\" src=\"https:\/\/www.droneview.be\/wp-content\/uploads\/2025\/10\/belgium_drone_federation.jpg\" alt=\"Belgian Drone Federation\" width=\"932\" height=\"403\" srcset=\"https:\/\/www.droneview.be\/wp-content\/uploads\/2025\/10\/belgium_drone_federation.jpg 932w, https:\/\/www.droneview.be\/wp-content\/uploads\/2025\/10\/belgium_drone_federation-300x130.jpg 300w, https:\/\/www.droneview.be\/wp-content\/uploads\/2025\/10\/belgium_drone_federation-768x332.jpg 768w\" sizes=\"auto, (max-width: 767px) 89vw, (max-width: 1000px) 54vw, (max-width: 1071px) 543px, 580px\" \/><\/a><\/p>\n<hr \/>\n<h3><strong>Ce qu\u2019une adh\u00e9sion devrait offrir<\/strong><\/h3>\n<p>Selon le site officiel de la BDF, une cotisation annuelle de 199 \u20ac (HTVA) comprendrait notamment :<\/p>\n<ul>\n<li>La repr\u00e9sentation et la d\u00e9fense des int\u00e9r\u00eats du secteur<\/li>\n<li>Des contacts et \u00e9changes entre entrepreneurs et pilotes<\/li>\n<li>Quatre newsletters par an<\/li>\n<li>L\u2019acc\u00e8s gratuit aux webinaires<\/li>\n<li>Des r\u00e9ductions sur les \u00e9v\u00e9nements BDF et les assurances drones Van Dessel<\/li>\n<li>Des conseils de premi\u00e8re ligne sur les cat\u00e9gories Open A1\/A3, Open A2 &amp; Specific<\/li>\n<li>L\u2019inscription de l\u2019entreprise sur le site web de la BDF<\/li>\n<li>Des invitations aux \u00e9v\u00e9nements PRO et tables rondes<\/li>\n<\/ul>\n<p>Sur le papier, une offre int\u00e9ressante pour tout op\u00e9rateur professionnel.<\/p>\n<hr \/>\n<h3><strong>La r\u00e9alit\u00e9<\/strong><\/h3>\n<p>Malheureusement, la r\u00e9alit\u00e9 est tout autre.<br \/>\nDepuis notre inscription en mars 2025, nous n\u2019avons re\u00e7u qu\u2019un accus\u00e9 automatique de paiement \u2014 aucun courrier, aucune invitation, aucune information.<br \/>\nApr\u00e8s plusieurs tentatives de contact \u2014 par e-mail, r\u00e9seaux sociaux et messages directs \u2014 nous n\u2019avons obtenu aucune r\u00e9ponse.<\/p>\n<p>Apr\u00e8s six mois, il semble \u00e9vident que la f\u00e9d\u00e9ration <strong>n\u2019a plus d\u2019activit\u00e9 r\u00e9elle<\/strong>.<\/p>\n<p><!--more--><\/p>\n<hr \/>\n<h3><strong>Pourquoi c\u2019est probl\u00e9matique<\/strong><\/h3>\n<p>Une f\u00e9d\u00e9ration devrait informer, repr\u00e9senter et rassembler ses membres \u2014 surtout dans un secteur aussi encadr\u00e9 et en constante \u00e9volution.<br \/>\nLorsqu\u2019une telle organisation se tait, ce n\u2019est pas seulement la confiance des membres qui dispara\u00eet, mais aussi la voix collective du secteur des drones en Belgique.<\/p>\n<p>Pour les op\u00e9rateurs professionnels actifs dans l\u2019inspection, la cartographie ou la thermographie, disposer d\u2019informations fiables est essentiel \u2014 r\u00e9glementation, autorisations en cat\u00e9gorie Specific, Remote ID, nouvelles obligations\u2026 C\u2019est pr\u00e9cis\u00e9ment l\u00e0 qu\u2019une f\u00e9d\u00e9ration pourrait jouer un r\u00f4le cl\u00e9.<\/p>\n<hr \/>\n<h3><strong>Le lien avec Van Dessel<\/strong><\/h3>\n<p>Dans notre cas, nous avons d\u00e9couvert la BDF via <strong>Van Dessel Insurance Brokers<\/strong>, qui collabore avec la f\u00e9d\u00e9ration et propose une r\u00e9duction pour ses membres.<br \/>\nL\u2019adh\u00e9sion \u00e9tait donc pr\u00e9sent\u00e9e comme un avantage suppl\u00e9mentaire lors de la souscription d\u2019une assurance drone.<\/p>\n<p>C\u2019est ce qui rend la situation d\u2019autant plus regrettable : les clients cherchant une assurance fiable sont dirig\u00e9s vers une organisation <strong>quasiment inactive<\/strong>.<br \/>\nNous avons depuis inform\u00e9 Van Dessel de cette situation, en pr\u00e9cisant que nous ne renouvellerons pas notre adh\u00e9sion tant qu\u2019aucune reprise d\u2019activit\u00e9 n\u2019est visible.<\/p>\n<hr \/>\n<h3><strong>Ce que nous faisons chez DroneView.be<\/strong><\/h3>\n<p>Chez DroneView.be, nous sommes convaincus que le partage de connaissances renforce le secteur.<br \/>\nC\u2019est pourquoi nous publions r\u00e9guli\u00e8rement sur notre <a href=\"https:\/\/www.droneview.be\/fr\/blog\/\" target=\"_blank\" rel=\"noopener\"><strong>blog<\/strong><\/a> des articles sur des sujets tels que :<\/p>\n<ul>\n<li>Les nouvelles r\u00e9glementations relatives aux drones en Belgique<\/li>\n<li>Des guides pratiques sur le Remote ID et les zones a\u00e9riennes<\/li>\n<li>Des explications techniques sur les inspections, la cartographie et la thermographie<\/li>\n<li>Des exemples de la valeur ajout\u00e9e des drones dans la construction, l\u2019industrie et l\u2019\u00e9nergie<\/li>\n<\/ul>\n<p>Nous ne le faisons pas par obligation, mais parce que nous voyons l\u2019impact positif \u2014 pour nos clients, nos coll\u00e8gues pilotes et l\u2019ensemble du secteur.<\/p>\n<hr \/>\n<h3><strong>La question du remboursement : une affaire d\u2019\u00e9quilibre<\/strong><\/h3>\n<p>Beaucoup se demanderont pourquoi nous ne r\u00e9clamons pas officiellement le remboursement des 199 \u20ac de cotisation, alors qu\u2019aucun service n\u2019a \u00e9t\u00e9 fourni.<\/p>\n<p>C\u2019est une question l\u00e9gitime qui illustre parfaitement la frustration ressentie. Bien que nous <strong>ayons droit \u00e0 un remboursement<\/strong> \u2014 nous avons pay\u00e9 pour un service inexistant \u2014 les d\u00e9marches n\u00e9cessaires d\u00e9passeraient la valeur du montant.<\/p>\n<p>Quelles options ? Envoyer une mise en demeure recommand\u00e9e, avec du temps et des frais sans garantie de r\u00e9ponse ? Ou entamer une proc\u00e9dure devant le juge de paix ? Pour 199 \u20ac, c\u2019est \u00e9conomiquement absurde.<\/p>\n<p>Nous avons donc choisi une autre voie : <strong>publier cette exp\u00e9rience<\/strong>.<br \/>\nNous esp\u00e9rons que cette transparence incitera la BDF \u00e0 r\u00e9agir et, surtout, \u00e9vitera \u00e0 d\u2019autres professionnels de faire la m\u00eame erreur.<\/p>\n<p>Dans ce cas, <strong>la transparence est notre meilleur atout<\/strong> : le temps d\u2019un entrepreneur est trop pr\u00e9cieux pour \u00eatre gaspill\u00e9 dans une f\u00e9d\u00e9ration silencieuse.<\/p>\n<hr \/>\n<h3><strong>En conclusion<\/strong><\/h3>\n<p>Nous esp\u00e9rons sinc\u00e8rement que la Belgian Drone Federation retrouvera bient\u00f4t une activit\u00e9 r\u00e9elle, car le secteur belge des drones m\u00e9rite une voix forte et cr\u00e9dible.<br \/>\nEn attendant, nous continuerons chez DroneView.be \u00e0 faire ce que nous faisons le mieux : <strong>travailler en toute transparence, partager nos connaissances et renforcer le secteur de l\u2019int\u00e9rieur.<\/strong><\/p><\/blockquote>\n<p>&nbsp;<\/p>\n<p>&nbsp;<\/p>\n","protected":false},"excerpt":{"rendered":"<p>Chez DroneView.be, nous croyons fermement \u00e0 la collaboration au sein du secteur des drones en Belgique. Les pilotes professionnels, centres de formation, assureurs et autorit\u00e9s ont tous int\u00e9r\u00eat \u00e0 une communication claire et \u00e0 une repr\u00e9sentation commune. D\u00e9but 2025, nous avons donc d\u00e9cid\u00e9 d\u2019adh\u00e9rer \u00e0 la Belgian Drone Federation (BDF), convaincus qu\u2019une f\u00e9d\u00e9ration active pourrait &hellip; <\/p>\n<p class=\"link-more\"><a href=\"https:\/\/www.droneview.be\/fr\/quand-une-federation-se-tait-notre-experience-avec-la-belgian-drone-federation\/\" class=\"more-link\">Continuer la lecture<span class=\"screen-reader-text\"> de &laquo;&nbsp;Quand une f\u00e9d\u00e9ration se tait \u2013 notre exp\u00e9rience avec la Belgian Drone Federation&nbsp;&raquo;<\/span><\/a><\/p>\n","protected":false},"author":1,"featured_media":0,"comment_status":"closed","ping_status":"closed","sticky":false,"template":"","format":"standard","meta":{"_vp_format_video_url":"","_vp_image_focal_point":[],"footnotes":""},"categories":[752],"tags":[738,1128,64,1124,1126,1125,1127,1129],"class_list":["post-1695","post","type-post","status-publish","format-standard","hentry","category-univers-drone-innovation","tag-assurance-drone-belgique","tag-belgian-drone-federation-fr","tag-droneview-be-fr","tag-federation-de-drones","tag-operateur-drone-professionnel","tag-reglementation-drone","tag-remboursement-cotisation","tag-van-dessel-fr"],"yoast_head":"<!-- This site is optimized with the Yoast SEO plugin v27.4 - https:\/\/yoast.com\/product\/yoast-seo-wordpress\/ -->\n<title>Quand une f\u00e9d\u00e9ration se tait \u2013 notre exp\u00e9rience avec la Belgian Drone Federation - Droneview.be | Donn\u00e9es &amp; Inspections par Drone<\/title>\n<meta name=\"description\" content=\"DroneView.be partage son exp\u00e9rience en tant que membre payant de la Belgian Drone Federation. Apr\u00e8s six mois sans communication ni activit\u00e9, nous tirons nos propres conclusions sur le r\u00f4le actuel de la f\u00e9d\u00e9ration dans le secteur belge des drones.\" \/>\n<meta name=\"robots\" content=\"index, follow, max-snippet:-1, max-image-preview:large, max-video-preview:-1\" \/>\n<link rel=\"canonical\" href=\"https:\/\/www.droneview.be\/fr\/quand-une-federation-se-tait-notre-experience-avec-la-belgian-drone-federation\/\" \/>\n<meta property=\"og:locale\" content=\"fr_FR\" \/>\n<meta property=\"og:type\" content=\"article\" \/>\n<meta property=\"og:title\" content=\"Quand une f\u00e9d\u00e9ration se tait \u2013 notre exp\u00e9rience avec la Belgian Drone Federation - Droneview.be | Donn\u00e9es &amp; Inspections par Drone\" \/>\n<meta property=\"og:description\" content=\"DroneView.be partage son exp\u00e9rience en tant que membre payant de la Belgian Drone Federation. Apr\u00e8s six mois sans communication ni activit\u00e9, nous tirons nos propres conclusions sur le r\u00f4le actuel de la f\u00e9d\u00e9ration dans le secteur belge des drones.\" \/>\n<meta property=\"og:url\" content=\"https:\/\/www.droneview.be\/fr\/quand-une-federation-se-tait-notre-experience-avec-la-belgian-drone-federation\/\" \/>\n<meta property=\"og:site_name\" content=\"Droneview.be | Donn\u00e9es &amp; Inspections par Drone\" \/>\n<meta property=\"article:published_time\" content=\"2025-10-15T18:00:52+00:00\" \/>\n<meta property=\"og:image\" content=\"https:\/\/www.droneview.be\/wp-content\/uploads\/2025\/10\/belgium_drone_federation.jpg\" \/>\n\t<meta property=\"og:image:width\" content=\"932\" \/>\n\t<meta property=\"og:image:height\" content=\"403\" \/>\n\t<meta property=\"og:image:type\" content=\"image\/jpeg\" \/>\n<meta name=\"author\" content=\"Droneview.be\" \/>\n<meta name=\"twitter:card\" content=\"summary_large_image\" \/>\n<meta name=\"twitter:label1\" content=\"\u00c9crit par\" \/>\n\t<meta name=\"twitter:data1\" content=\"Droneview.be\" \/>\n<script type=\"application\/ld+json\" class=\"yoast-schema-graph\">{\"@context\":\"https:\\\/\\\/schema.org\",\"@graph\":[{\"@type\":\"Article\",\"@id\":\"https:\\\/\\\/www.droneview.be\\\/fr\\\/quand-une-federation-se-tait-notre-experience-avec-la-belgian-drone-federation\\\/#article\",\"isPartOf\":{\"@id\":\"https:\\\/\\\/www.droneview.be\\\/fr\\\/quand-une-federation-se-tait-notre-experience-avec-la-belgian-drone-federation\\\/\"},\"author\":{\"name\":\"Droneview.be\",\"@id\":\"https:\\\/\\\/www.droneview.be\\\/fr\\\/#\\\/schema\\\/person\\\/ccb08567693a366a06309a9871a63c25\"},\"headline\":\"Quand une f\u00e9d\u00e9ration se tait \u2013 notre exp\u00e9rience avec la Belgian Drone Federation\",\"datePublished\":\"2025-10-15T18:00:52+00:00\",\"mainEntityOfPage\":{\"@id\":\"https:\\\/\\\/www.droneview.be\\\/fr\\\/quand-une-federation-se-tait-notre-experience-avec-la-belgian-drone-federation\\\/\"},\"wordCount\":844,\"publisher\":{\"@id\":\"https:\\\/\\\/www.droneview.be\\\/fr\\\/#organization\"},\"image\":{\"@id\":\"https:\\\/\\\/www.droneview.be\\\/fr\\\/quand-une-federation-se-tait-notre-experience-avec-la-belgian-drone-federation\\\/#primaryimage\"},\"thumbnailUrl\":\"https:\\\/\\\/www.droneview.be\\\/wp-content\\\/uploads\\\/2025\\\/10\\\/belgium_drone_federation.jpg\",\"keywords\":[\"assurance drone Belgique\",\"Belgian Drone Federation\",\"DroneView.be\",\"f\u00e9d\u00e9ration de drones\",\"op\u00e9rateur drone professionnel\",\"r\u00e9glementation drone\",\"remboursement cotisation\",\"Van Dessel\"],\"articleSection\":[\"Univers drone &amp; innovation\"],\"inLanguage\":\"fr-FR\"},{\"@type\":\"WebPage\",\"@id\":\"https:\\\/\\\/www.droneview.be\\\/fr\\\/quand-une-federation-se-tait-notre-experience-avec-la-belgian-drone-federation\\\/\",\"url\":\"https:\\\/\\\/www.droneview.be\\\/fr\\\/quand-une-federation-se-tait-notre-experience-avec-la-belgian-drone-federation\\\/\",\"name\":\"Quand une f\u00e9d\u00e9ration se tait \u2013 notre exp\u00e9rience avec la Belgian Drone Federation - Droneview.be | Donn\u00e9es & Inspections par Drone\",\"isPartOf\":{\"@id\":\"https:\\\/\\\/www.droneview.be\\\/fr\\\/#website\"},\"primaryImageOfPage\":{\"@id\":\"https:\\\/\\\/www.droneview.be\\\/fr\\\/quand-une-federation-se-tait-notre-experience-avec-la-belgian-drone-federation\\\/#primaryimage\"},\"image\":{\"@id\":\"https:\\\/\\\/www.droneview.be\\\/fr\\\/quand-une-federation-se-tait-notre-experience-avec-la-belgian-drone-federation\\\/#primaryimage\"},\"thumbnailUrl\":\"https:\\\/\\\/www.droneview.be\\\/wp-content\\\/uploads\\\/2025\\\/10\\\/belgium_drone_federation.jpg\",\"datePublished\":\"2025-10-15T18:00:52+00:00\",\"description\":\"DroneView.be partage son exp\u00e9rience en tant que membre payant de la Belgian Drone Federation. Apr\u00e8s six mois sans communication ni activit\u00e9, nous tirons nos propres conclusions sur le r\u00f4le actuel de la f\u00e9d\u00e9ration dans le secteur belge des drones.\",\"breadcrumb\":{\"@id\":\"https:\\\/\\\/www.droneview.be\\\/fr\\\/quand-une-federation-se-tait-notre-experience-avec-la-belgian-drone-federation\\\/#breadcrumb\"},\"inLanguage\":\"fr-FR\",\"potentialAction\":[{\"@type\":\"ReadAction\",\"target\":[\"https:\\\/\\\/www.droneview.be\\\/fr\\\/quand-une-federation-se-tait-notre-experience-avec-la-belgian-drone-federation\\\/\"]}]},{\"@type\":\"ImageObject\",\"inLanguage\":\"fr-FR\",\"@id\":\"https:\\\/\\\/www.droneview.be\\\/fr\\\/quand-une-federation-se-tait-notre-experience-avec-la-belgian-drone-federation\\\/#primaryimage\",\"url\":\"https:\\\/\\\/www.droneview.be\\\/wp-content\\\/uploads\\\/2025\\\/10\\\/belgium_drone_federation.jpg\",\"contentUrl\":\"https:\\\/\\\/www.droneview.be\\\/wp-content\\\/uploads\\\/2025\\\/10\\\/belgium_drone_federation.jpg\"},{\"@type\":\"BreadcrumbList\",\"@id\":\"https:\\\/\\\/www.droneview.be\\\/fr\\\/quand-une-federation-se-tait-notre-experience-avec-la-belgian-drone-federation\\\/#breadcrumb\",\"itemListElement\":[{\"@type\":\"ListItem\",\"position\":1,\"name\":\"Home\",\"item\":\"https:\\\/\\\/www.droneview.be\\\/fr\\\/\"},{\"@type\":\"ListItem\",\"position\":2,\"name\":\"Quand une f\u00e9d\u00e9ration se tait \u2013 notre exp\u00e9rience avec la Belgian Drone Federation\"}]},{\"@type\":\"WebSite\",\"@id\":\"https:\\\/\\\/www.droneview.be\\\/fr\\\/#website\",\"url\":\"https:\\\/\\\/www.droneview.be\\\/fr\\\/\",\"name\":\"Droneview.be\",\"description\":\"Sp\u00e9cialiste en analyses thermiques, cartographie de pr\u00e9cision et inspections a\u00e9riennes industrielles de haute qualit\u00e9.\",\"publisher\":{\"@id\":\"https:\\\/\\\/www.droneview.be\\\/fr\\\/#organization\"},\"potentialAction\":[{\"@type\":\"SearchAction\",\"target\":{\"@type\":\"EntryPoint\",\"urlTemplate\":\"https:\\\/\\\/www.droneview.be\\\/fr\\\/?s={search_term_string}\"},\"query-input\":{\"@type\":\"PropertyValueSpecification\",\"valueRequired\":true,\"valueName\":\"search_term_string\"}}],\"inLanguage\":\"fr-FR\"},{\"@type\":\"Organization\",\"@id\":\"https:\\\/\\\/www.droneview.be\\\/fr\\\/#organization\",\"name\":\"Droneview.be\",\"url\":\"https:\\\/\\\/www.droneview.be\\\/fr\\\/\",\"logo\":{\"@type\":\"ImageObject\",\"inLanguage\":\"fr-FR\",\"@id\":\"https:\\\/\\\/www.droneview.be\\\/fr\\\/#\\\/schema\\\/logo\\\/image\\\/\",\"url\":\"https:\\\/\\\/www.droneview.be\\\/wp-content\\\/uploads\\\/2024\\\/10\\\/DRONEVIEW_LOGO.jpg\",\"contentUrl\":\"https:\\\/\\\/www.droneview.be\\\/wp-content\\\/uploads\\\/2024\\\/10\\\/DRONEVIEW_LOGO.jpg\",\"width\":560,\"height\":210,\"caption\":\"Droneview.be\"},\"image\":{\"@id\":\"https:\\\/\\\/www.droneview.be\\\/fr\\\/#\\\/schema\\\/logo\\\/image\\\/\"}},{\"@type\":\"Person\",\"@id\":\"https:\\\/\\\/www.droneview.be\\\/fr\\\/#\\\/schema\\\/person\\\/ccb08567693a366a06309a9871a63c25\",\"name\":\"Droneview.be\",\"image\":{\"@type\":\"ImageObject\",\"inLanguage\":\"fr-FR\",\"@id\":\"https:\\\/\\\/secure.gravatar.com\\\/avatar\\\/258522e933388edd1ff45e1b26262ff0fb30c3ee251bd7a564987b3f42816b4c?s=96&d=mm&r=g\",\"url\":\"https:\\\/\\\/secure.gravatar.com\\\/avatar\\\/258522e933388edd1ff45e1b26262ff0fb30c3ee251bd7a564987b3f42816b4c?s=96&d=mm&r=g\",\"contentUrl\":\"https:\\\/\\\/secure.gravatar.com\\\/avatar\\\/258522e933388edd1ff45e1b26262ff0fb30c3ee251bd7a564987b3f42816b4c?s=96&d=mm&r=g\",\"caption\":\"Droneview.be\"},\"sameAs\":[\"http:\\\/\\\/www.droneview.be\"]}]}<\/script>\n<!-- \/ Yoast SEO plugin. -->","yoast_head_json":{"title":"Quand une f\u00e9d\u00e9ration se tait \u2013 notre exp\u00e9rience avec la Belgian Drone Federation - Droneview.be | Donn\u00e9es & Inspections par Drone","description":"DroneView.be partage son exp\u00e9rience en tant que membre payant de la Belgian Drone Federation. Apr\u00e8s six mois sans communication ni activit\u00e9, nous tirons nos propres conclusions sur le r\u00f4le actuel de la f\u00e9d\u00e9ration dans le secteur belge des drones.","robots":{"index":"index","follow":"follow","max-snippet":"max-snippet:-1","max-image-preview":"max-image-preview:large","max-video-preview":"max-video-preview:-1"},"canonical":"https:\/\/www.droneview.be\/fr\/quand-une-federation-se-tait-notre-experience-avec-la-belgian-drone-federation\/","og_locale":"fr_FR","og_type":"article","og_title":"Quand une f\u00e9d\u00e9ration se tait \u2013 notre exp\u00e9rience avec la Belgian Drone Federation - Droneview.be | Donn\u00e9es & Inspections par Drone","og_description":"DroneView.be partage son exp\u00e9rience en tant que membre payant de la Belgian Drone Federation. Apr\u00e8s six mois sans communication ni activit\u00e9, nous tirons nos propres conclusions sur le r\u00f4le actuel de la f\u00e9d\u00e9ration dans le secteur belge des drones.","og_url":"https:\/\/www.droneview.be\/fr\/quand-une-federation-se-tait-notre-experience-avec-la-belgian-drone-federation\/","og_site_name":"Droneview.be | Donn\u00e9es & Inspections par Drone","article_published_time":"2025-10-15T18:00:52+00:00","og_image":[{"width":932,"height":403,"url":"https:\/\/www.droneview.be\/wp-content\/uploads\/2025\/10\/belgium_drone_federation.jpg","type":"image\/jpeg"}],"author":"Droneview.be","twitter_card":"summary_large_image","twitter_misc":{"\u00c9crit par":"Droneview.be"},"schema":{"@context":"https:\/\/schema.org","@graph":[{"@type":"Article","@id":"https:\/\/www.droneview.be\/fr\/quand-une-federation-se-tait-notre-experience-avec-la-belgian-drone-federation\/#article","isPartOf":{"@id":"https:\/\/www.droneview.be\/fr\/quand-une-federation-se-tait-notre-experience-avec-la-belgian-drone-federation\/"},"author":{"name":"Droneview.be","@id":"https:\/\/www.droneview.be\/fr\/#\/schema\/person\/ccb08567693a366a06309a9871a63c25"},"headline":"Quand une f\u00e9d\u00e9ration se tait \u2013 notre exp\u00e9rience avec la Belgian Drone Federation","datePublished":"2025-10-15T18:00:52+00:00","mainEntityOfPage":{"@id":"https:\/\/www.droneview.be\/fr\/quand-une-federation-se-tait-notre-experience-avec-la-belgian-drone-federation\/"},"wordCount":844,"publisher":{"@id":"https:\/\/www.droneview.be\/fr\/#organization"},"image":{"@id":"https:\/\/www.droneview.be\/fr\/quand-une-federation-se-tait-notre-experience-avec-la-belgian-drone-federation\/#primaryimage"},"thumbnailUrl":"https:\/\/www.droneview.be\/wp-content\/uploads\/2025\/10\/belgium_drone_federation.jpg","keywords":["assurance drone Belgique","Belgian Drone Federation","DroneView.be","f\u00e9d\u00e9ration de drones","op\u00e9rateur drone professionnel","r\u00e9glementation drone","remboursement cotisation","Van Dessel"],"articleSection":["Univers drone &amp; innovation"],"inLanguage":"fr-FR"},{"@type":"WebPage","@id":"https:\/\/www.droneview.be\/fr\/quand-une-federation-se-tait-notre-experience-avec-la-belgian-drone-federation\/","url":"https:\/\/www.droneview.be\/fr\/quand-une-federation-se-tait-notre-experience-avec-la-belgian-drone-federation\/","name":"Quand une f\u00e9d\u00e9ration se tait \u2013 notre exp\u00e9rience avec la Belgian Drone Federation - Droneview.be | Donn\u00e9es & Inspections par Drone","isPartOf":{"@id":"https:\/\/www.droneview.be\/fr\/#website"},"primaryImageOfPage":{"@id":"https:\/\/www.droneview.be\/fr\/quand-une-federation-se-tait-notre-experience-avec-la-belgian-drone-federation\/#primaryimage"},"image":{"@id":"https:\/\/www.droneview.be\/fr\/quand-une-federation-se-tait-notre-experience-avec-la-belgian-drone-federation\/#primaryimage"},"thumbnailUrl":"https:\/\/www.droneview.be\/wp-content\/uploads\/2025\/10\/belgium_drone_federation.jpg","datePublished":"2025-10-15T18:00:52+00:00","description":"DroneView.be partage son exp\u00e9rience en tant que membre payant de la Belgian Drone Federation. Apr\u00e8s six mois sans communication ni activit\u00e9, nous tirons nos propres conclusions sur le r\u00f4le actuel de la f\u00e9d\u00e9ration dans le secteur belge des drones.","breadcrumb":{"@id":"https:\/\/www.droneview.be\/fr\/quand-une-federation-se-tait-notre-experience-avec-la-belgian-drone-federation\/#breadcrumb"},"inLanguage":"fr-FR","potentialAction":[{"@type":"ReadAction","target":["https:\/\/www.droneview.be\/fr\/quand-une-federation-se-tait-notre-experience-avec-la-belgian-drone-federation\/"]}]},{"@type":"ImageObject","inLanguage":"fr-FR","@id":"https:\/\/www.droneview.be\/fr\/quand-une-federation-se-tait-notre-experience-avec-la-belgian-drone-federation\/#primaryimage","url":"https:\/\/www.droneview.be\/wp-content\/uploads\/2025\/10\/belgium_drone_federation.jpg","contentUrl":"https:\/\/www.droneview.be\/wp-content\/uploads\/2025\/10\/belgium_drone_federation.jpg"},{"@type":"BreadcrumbList","@id":"https:\/\/www.droneview.be\/fr\/quand-une-federation-se-tait-notre-experience-avec-la-belgian-drone-federation\/#breadcrumb","itemListElement":[{"@type":"ListItem","position":1,"name":"Home","item":"https:\/\/www.droneview.be\/fr\/"},{"@type":"ListItem","position":2,"name":"Quand une f\u00e9d\u00e9ration se tait \u2013 notre exp\u00e9rience avec la Belgian Drone Federation"}]},{"@type":"WebSite","@id":"https:\/\/www.droneview.be\/fr\/#website","url":"https:\/\/www.droneview.be\/fr\/","name":"Droneview.be","description":"Sp\u00e9cialiste en analyses thermiques, cartographie de pr\u00e9cision et inspections a\u00e9riennes industrielles de haute qualit\u00e9.","publisher":{"@id":"https:\/\/www.droneview.be\/fr\/#organization"},"potentialAction":[{"@type":"SearchAction","target":{"@type":"EntryPoint","urlTemplate":"https:\/\/www.droneview.be\/fr\/?s={search_term_string}"},"query-input":{"@type":"PropertyValueSpecification","valueRequired":true,"valueName":"search_term_string"}}],"inLanguage":"fr-FR"},{"@type":"Organization","@id":"https:\/\/www.droneview.be\/fr\/#organization","name":"Droneview.be","url":"https:\/\/www.droneview.be\/fr\/","logo":{"@type":"ImageObject","inLanguage":"fr-FR","@id":"https:\/\/www.droneview.be\/fr\/#\/schema\/logo\/image\/","url":"https:\/\/www.droneview.be\/wp-content\/uploads\/2024\/10\/DRONEVIEW_LOGO.jpg","contentUrl":"https:\/\/www.droneview.be\/wp-content\/uploads\/2024\/10\/DRONEVIEW_LOGO.jpg","width":560,"height":210,"caption":"Droneview.be"},"image":{"@id":"https:\/\/www.droneview.be\/fr\/#\/schema\/logo\/image\/"}},{"@type":"Person","@id":"https:\/\/www.droneview.be\/fr\/#\/schema\/person\/ccb08567693a366a06309a9871a63c25","name":"Droneview.be","image":{"@type":"ImageObject","inLanguage":"fr-FR","@id":"https:\/\/secure.gravatar.com\/avatar\/258522e933388edd1ff45e1b26262ff0fb30c3ee251bd7a564987b3f42816b4c?s=96&d=mm&r=g","url":"https:\/\/secure.gravatar.com\/avatar\/258522e933388edd1ff45e1b26262ff0fb30c3ee251bd7a564987b3f42816b4c?s=96&d=mm&r=g","contentUrl":"https:\/\/secure.gravatar.com\/avatar\/258522e933388edd1ff45e1b26262ff0fb30c3ee251bd7a564987b3f42816b4c?s=96&d=mm&r=g","caption":"Droneview.be"},"sameAs":["http:\/\/www.droneview.be"]}]}},"_links":{"self":[{"href":"https:\/\/www.droneview.be\/fr\/wp-json\/wp\/v2\/posts\/1695","targetHints":{"allow":["GET"]}}],"collection":[{"href":"https:\/\/www.droneview.be\/fr\/wp-json\/wp\/v2\/posts"}],"about":[{"href":"https:\/\/www.droneview.be\/fr\/wp-json\/wp\/v2\/types\/post"}],"author":[{"embeddable":true,"href":"https:\/\/www.droneview.be\/fr\/wp-json\/wp\/v2\/users\/1"}],"replies":[{"embeddable":true,"href":"https:\/\/www.droneview.be\/fr\/wp-json\/wp\/v2\/comments?post=1695"}],"version-history":[{"count":1,"href":"https:\/\/www.droneview.be\/fr\/wp-json\/wp\/v2\/posts\/1695\/revisions"}],"predecessor-version":[{"id":1696,"href":"https:\/\/www.droneview.be\/fr\/wp-json\/wp\/v2\/posts\/1695\/revisions\/1696"}],"wp:attachment":[{"href":"https:\/\/www.droneview.be\/fr\/wp-json\/wp\/v2\/media?parent=1695"}],"wp:term":[{"taxonomy":"category","embeddable":true,"href":"https:\/\/www.droneview.be\/fr\/wp-json\/wp\/v2\/categories?post=1695"},{"taxonomy":"post_tag","embeddable":true,"href":"https:\/\/www.droneview.be\/fr\/wp-json\/wp\/v2\/tags?post=1695"}],"curies":[{"name":"wp","href":"https:\/\/api.w.org\/{rel}","templated":true}]}}